{"id":5885,"date":"2024-03-26T10:41:25","date_gmt":"2024-03-26T10:41:25","guid":{"rendered":"https:\/\/contacttodesign.de\/?p=5885"},"modified":"2025-11-07T14:57:09","modified_gmt":"2025-11-07T14:57:09","slug":"la-art-gallery-1-29-februar","status":"publish","type":"post","link":"https:\/\/contacttodesign.de\/en\/la-art-gallery-1-29-februar\/","title":{"rendered":"LA  ART GALLERY 1. &#8211; 29. FEBRUAR"},"content":{"rendered":"<div data-elementor-type=\"wp-post\" data-elementor-id=\"5885\" class=\"elementor elementor-5885\" data-elementor-settings=\"{&quot;ha_cmc_init_switcher&quot;:&quot;no&quot;}\">\n\t\t\t\t\t\t<section class=\"elementor-section elementor-top-section elementor-element elementor-element-14d7c42 elementor-section-boxed elementor-section-height-default elementor-section-height-default\" data-id=\"14d7c42\" data-element_type=\"section\" data-e-type=\"section\" data-settings=\"{&quot;_ha_eqh_enable&quot;:false}\">\n\t\t\t\t\t\t<div class=\"elementor-container elementor-column-gap-default\">\n\t\t\t\t\t<div class=\"elementor-column elementor-col-100 elementor-top-column elementor-element elementor-element-9b2e475\" data-id=\"9b2e475\" data-element_type=\"column\" data-e-type=\"column\">\n\t\t\t<div class=\"elementor-widget-wrap elementor-element-populated\">\n\t\t\t\t\t\t<div class=\"elementor-element elementor-element-46b4816 elementor-widget elementor-widget-heading\" data-id=\"46b4816\" data-element_type=\"widget\" data-e-type=\"widget\" data-widget_type=\"heading.default\">\n\t\t\t\t<div class=\"elementor-widget-container\">\n\t\t\t\t\t<h2 class=\"elementor-heading-title elementor-size-default\">OPENING THURSDAY 1st FEBRUARY 2024<\/h2>\t\t\t\t<\/div>\n\t\t\t\t<\/div>\n\t\t\t\t\t<\/div>\n\t\t<\/div>\n\t\t\t\t\t<\/div>\n\t\t<\/section>\n\t\t\t\t<section class=\"elementor-section elementor-top-section elementor-element elementor-element-9927a93 elementor-section-boxed elementor-section-height-default elementor-section-height-default\" data-id=\"9927a93\" data-element_type=\"section\" data-e-type=\"section\" data-settings=\"{&quot;_ha_eqh_enable&quot;:false}\">\n\t\t\t\t\t\t<div class=\"elementor-container elementor-column-gap-default\">\n\t\t\t\t\t<div class=\"elementor-column elementor-col-100 elementor-top-column elementor-element elementor-element-5f77550\" data-id=\"5f77550\" data-element_type=\"column\" data-e-type=\"column\">\n\t\t\t<div class=\"elementor-widget-wrap elementor-element-populated\">\n\t\t\t\t\t\t<div class=\"elementor-element elementor-element-5e174d3 elementor-widget elementor-widget-text-editor\" data-id=\"5e174d3\" data-element_type=\"widget\" data-e-type=\"widget\" data-widget_type=\"text-editor.default\">\n\t\t\t\t<div class=\"elementor-widget-container\">\n\t\t\t\t\t\t\t\t\t&#8220;Durch ihr Lebensmotto <em>\u201eDon\u2019t be afraid ot art\u201c<\/em>\u00a0weist M\u00f6belschreinermeisterin, Designerin und Konzept-K\u00fcnstlerin Nicole Doth darauf hin, dass jeder Mensch ART auf seine Art definiert und eine jede dieser Arten gleichwertig und legitim ist. Die verspiegelten Oberfl\u00e4chen von Nicole Doths Kunstobjekten reflektieren alle Facetten der Umgebung \u2013 sei es einer Inneneinrichtung, der freien Natur oder eines sich darin betrachtenden Menschen. Das tun sie frei von Wertung, ganz im Sinne ihrer urspr\u00fcnglichen Natur. Gekonnt bewegt sich Nicole Doth zwischen den Welten von Objekt-Design &amp;\u00a0<em>Functional Art<\/em>. In einem zus\u00e4tzlichen k\u00fcnstlerischen Akt nimmt sie ihre Kunstwerke aus dem gewohnten Kontext heraus, um sie in \u00fcberraschender Umgebung, wie Schotterwerk oder Tropfsteinh\u00f6hle, zu inszenieren und zu fotografieren. Wir von LA ART Gallery sind davon fasziniert, wie Nicole Doths Objekte dadurch zu Performer werden und die Sinneswahrnehmungen der Betrachter herausfordern.&#8221; <\/br><\/br>Lora Lalova M.A. &amp; Dr. Valeri Lalov Galeristen-Duo <\/br><strong>LA ART Gallery<\/strong>\u00a0<\/br>Maximiliansplatz 18 <\/br>80333 M\u00fcnchen\t\t\t\t\t\t\t\t<\/div>\n\t\t\t\t<\/div>\n\t\t\t\t\t<\/div>\n\t\t<\/div>\n\t\t\t\t\t<\/div>\n\t\t<\/section>\n\t\t\t\t<section class=\"elementor-section elementor-top-section elementor-element elementor-element-2b99ee5 elementor-section-boxed elementor-section-height-default elementor-section-height-default\" data-id=\"2b99ee5\" data-element_type=\"section\" data-e-type=\"section\" data-settings=\"{&quot;_ha_eqh_enable&quot;:false}\">\n\t\t\t\t\t\t<div class=\"elementor-container elementor-column-gap-default\">\n\t\t\t\t\t<div class=\"elementor-column elementor-col-33 elementor-top-column elementor-element elementor-element-26896aa\" data-id=\"26896aa\" data-element_type=\"column\" data-e-type=\"column\">\n\t\t\t<div class=\"elementor-widget-wrap elementor-element-populated\">\n\t\t\t\t\t\t<div class=\"elementor-element elementor-element-0f6a606 elementor-widget elementor-widget-image\" data-id=\"0f6a606\" data-element_type=\"widget\" data-e-type=\"widget\" data-widget_type=\"image.default\">\n\t\t\t\t<div class=\"elementor-widget-container\">\n\t\t\t\t\t\t\t\t\t\t\t\t\t\t\t\t<a href=\"https:\/\/contacttodesign.de\/wp-content\/uploads\/2024\/03\/laart_1.jpg\" data-elementor-open-lightbox=\"yes\" data-elementor-lightbox-title=\"laart_1\" data-e-action-hash=\"#elementor-action%3Aaction%3Dlightbox%26settings%3DeyJpZCI6NTg4NywidXJsIjoiaHR0cHM6XC9cL2NvbnRhY3R0b2Rlc2lnbi5kZVwvd3AtY29udGVudFwvdXBsb2Fkc1wvMjAyNFwvMDNcL2xhYXJ0XzEuanBnIn0%3D\">\n\t\t\t\t\t\t\t<img fetchpriority=\"high\" decoding=\"async\" width=\"768\" height=\"1024\" src=\"https:\/\/contacttodesign.de\/wp-content\/uploads\/2024\/03\/laart_1-768x1024.jpg\" class=\"attachment-large size-large wp-image-5887\" alt=\"\" srcset=\"https:\/\/contacttodesign.de\/wp-content\/uploads\/2024\/03\/laart_1-768x1024.jpg 768w, https:\/\/contacttodesign.de\/wp-content\/uploads\/2024\/03\/laart_1-225x300.jpg 225w, https:\/\/contacttodesign.de\/wp-content\/uploads\/2024\/03\/laart_1-1152x1536.jpg 1152w, https:\/\/contacttodesign.de\/wp-content\/uploads\/2024\/03\/laart_1-9x12.jpg 9w, https:\/\/contacttodesign.de\/wp-content\/uploads\/2024\/03\/laart_1.jpg 1512w\" sizes=\"(max-width: 768px) 100vw, 768px\" \/>\t\t\t\t\t\t\t\t<\/a>\n\t\t\t\t\t\t\t\t\t\t\t\t\t\t\t<\/div>\n\t\t\t\t<\/div>\n\t\t\t\t\t<\/div>\n\t\t<\/div>\n\t\t\t\t<div class=\"elementor-column elementor-col-33 elementor-top-column elementor-element elementor-element-3c5c766\" data-id=\"3c5c766\" data-element_type=\"column\" data-e-type=\"column\">\n\t\t\t<div class=\"elementor-widget-wrap elementor-element-populated\">\n\t\t\t\t\t\t<div class=\"elementor-element elementor-element-5bb1db5 elementor-widget elementor-widget-image\" data-id=\"5bb1db5\" data-element_type=\"widget\" data-e-type=\"widget\" data-widget_type=\"image.default\">\n\t\t\t\t<div class=\"elementor-widget-container\">\n\t\t\t\t\t\t\t\t\t\t\t\t\t\t\t\t<a href=\"https:\/\/contacttodesign.de\/wp-content\/uploads\/2024\/03\/laart_4.jpg\" data-elementor-open-lightbox=\"yes\" data-elementor-lightbox-title=\"laart_4\" data-e-action-hash=\"#elementor-action%3Aaction%3Dlightbox%26settings%3DeyJpZCI6NTg4OCwidXJsIjoiaHR0cHM6XC9cL2NvbnRhY3R0b2Rlc2lnbi5kZVwvd3AtY29udGVudFwvdXBsb2Fkc1wvMjAyNFwvMDNcL2xhYXJ0XzQuanBnIn0%3D\">\n\t\t\t\t\t\t\t<img decoding=\"async\" width=\"768\" height=\"1024\" src=\"https:\/\/contacttodesign.de\/wp-content\/uploads\/2024\/03\/laart_4-768x1024.jpg\" class=\"attachment-large size-large wp-image-5888\" alt=\"\" srcset=\"https:\/\/contacttodesign.de\/wp-content\/uploads\/2024\/03\/laart_4-768x1024.jpg 768w, https:\/\/contacttodesign.de\/wp-content\/uploads\/2024\/03\/laart_4-225x300.jpg 225w, https:\/\/contacttodesign.de\/wp-content\/uploads\/2024\/03\/laart_4-1152x1536.jpg 1152w, https:\/\/contacttodesign.de\/wp-content\/uploads\/2024\/03\/laart_4-9x12.jpg 9w, https:\/\/contacttodesign.de\/wp-content\/uploads\/2024\/03\/laart_4.jpg 1512w\" sizes=\"(max-width: 768px) 100vw, 768px\" \/>\t\t\t\t\t\t\t\t<\/a>\n\t\t\t\t\t\t\t\t\t\t\t\t\t\t\t<\/div>\n\t\t\t\t<\/div>\n\t\t\t\t\t<\/div>\n\t\t<\/div>\n\t\t\t\t<div class=\"elementor-column elementor-col-33 elementor-top-column elementor-element elementor-element-026ff03\" data-id=\"026ff03\" data-element_type=\"column\" data-e-type=\"column\">\n\t\t\t<div class=\"elementor-widget-wrap elementor-element-populated\">\n\t\t\t\t\t\t<div class=\"elementor-element elementor-element-e16834a elementor-widget elementor-widget-image\" data-id=\"e16834a\" data-element_type=\"widget\" data-e-type=\"widget\" data-widget_type=\"image.default\">\n\t\t\t\t<div class=\"elementor-widget-container\">\n\t\t\t\t\t\t\t\t\t\t\t\t\t\t\t\t<a href=\"https:\/\/contacttodesign.de\/wp-content\/uploads\/2024\/03\/laart_2-1.jpg\" data-elementor-open-lightbox=\"yes\" data-elementor-lightbox-title=\"laart_2\" data-e-action-hash=\"#elementor-action%3Aaction%3Dlightbox%26settings%3DeyJpZCI6NTg5MCwidXJsIjoiaHR0cHM6XC9cL2NvbnRhY3R0b2Rlc2lnbi5kZVwvd3AtY29udGVudFwvdXBsb2Fkc1wvMjAyNFwvMDNcL2xhYXJ0XzItMS5qcGcifQ%3D%3D\">\n\t\t\t\t\t\t\t<img decoding=\"async\" width=\"768\" height=\"1024\" src=\"https:\/\/contacttodesign.de\/wp-content\/uploads\/2024\/03\/laart_2-1-768x1024.jpg\" class=\"attachment-large size-large wp-image-5890\" alt=\"\" srcset=\"https:\/\/contacttodesign.de\/wp-content\/uploads\/2024\/03\/laart_2-1-768x1024.jpg 768w, https:\/\/contacttodesign.de\/wp-content\/uploads\/2024\/03\/laart_2-1-225x300.jpg 225w, https:\/\/contacttodesign.de\/wp-content\/uploads\/2024\/03\/laart_2-1-1152x1536.jpg 1152w, https:\/\/contacttodesign.de\/wp-content\/uploads\/2024\/03\/laart_2-1-9x12.jpg 9w, https:\/\/contacttodesign.de\/wp-content\/uploads\/2024\/03\/laart_2-1.jpg 1512w\" sizes=\"(max-width: 768px) 100vw, 768px\" \/>\t\t\t\t\t\t\t\t<\/a>\n\t\t\t\t\t\t\t\t\t\t\t\t\t\t\t<\/div>\n\t\t\t\t<\/div>\n\t\t\t\t\t<\/div>\n\t\t<\/div>\n\t\t\t\t\t<\/div>\n\t\t<\/section>\n\t\t\t\t<\/div>","protected":false},"excerpt":{"rendered":"<p>OPENING THURSDAY 1st FEBRUARY 2024 &#8220;Durch ihr Lebensmotto \u201eDon\u2019t be afraid ot art\u201c\u00a0weist M\u00f6belschreinermeisterin, Designerin und Konzept-K\u00fcnstlerin Nicole Doth darauf &hellip;<\/p>\n<p class=\"read-more\"> <a class=\"\" href=\"https:\/\/contacttodesign.de\/en\/la-art-gallery-1-29-februar\/\"> <span class=\"screen-reader-text\">LA  ART GALLERY 1. &#8211; 29. FEBRUAR<\/span> mehr Informationen \u00bb<\/a><\/p>","protected":false},"author":1,"featured_media":5896,"comment_status":"closed","ping_status":"closed","sticky":false,"template":"","format":"standard","meta":{"site-sidebar-layout":"default","site-content-layout":"default","ast-global-header-display":"","ast-main-header-display":"","ast-hfb-above-header-display":"","ast-hfb-below-header-display":"","ast-hfb-mobile-header-display":"","site-post-title":"","ast-breadcrumbs-content":"","ast-featured-img":"","footer-sml-layout":"","theme-transparent-header-meta":"","adv-header-id-meta":"","stick-header-meta":"","header-above-stick-meta":"","header-main-stick-meta":"","header-below-stick-meta":"","footnotes":""},"categories":[57],"tags":[],"class_list":["post-5885","post","type-post","status-publish","format-standard","has-post-thumbnail","hentry","category-archiv"],"yoast_head":"<!-- This site is optimized with the Yoast SEO plugin v19.8 - https:\/\/yoast.com\/wordpress\/plugins\/seo\/ -->\n<title>LA ART GALLERY 1. - 29. FEBRUAR - Contact to design<\/title>\n<meta name=\"robots\" content=\"index, follow, max-snippet:-1, max-image-preview:large, max-video-preview:-1\" \/>\n<link rel=\"canonical\" href=\"https:\/\/contacttodesign.de\/en\/la-art-gallery-1-29-februar\/\" \/>\n<meta property=\"og:locale\" content=\"en_US\" \/>\n<meta property=\"og:type\" content=\"article\" \/>\n<meta property=\"og:title\" content=\"LA ART GALLERY 1. - 29. FEBRUAR - Contact to design\" \/>\n<meta property=\"og:description\" content=\"OPENING THURSDAY 1st FEBRUARY 2024 &#8220;Durch ihr Lebensmotto \u201eDon\u2019t be afraid ot art\u201c\u00a0weist M\u00f6belschreinermeisterin, Designerin und Konzept-K\u00fcnstlerin Nicole Doth darauf &hellip; LA ART GALLERY 1. &#8211; 29. FEBRUAR mehr Informationen \u00bb\" \/>\n<meta property=\"og:url\" content=\"https:\/\/contacttodesign.de\/en\/la-art-gallery-1-29-februar\/\" \/>\n<meta property=\"og:site_name\" content=\"Contact to design\" \/>\n<meta property=\"article:published_time\" content=\"2024-03-26T10:41:25+00:00\" \/>\n<meta property=\"article:modified_time\" content=\"2025-11-07T14:57:09+00:00\" \/>\n<meta property=\"og:image\" content=\"https:\/\/contacttodesign.de\/wp-content\/uploads\/2024\/03\/1.jpg\" \/>\n\t<meta property=\"og:image:width\" content=\"1024\" \/>\n\t<meta property=\"og:image:height\" content=\"1024\" \/>\n\t<meta property=\"og:image:type\" content=\"image\/jpeg\" \/>\n<meta name=\"author\" content=\"Facino\" \/>\n<meta name=\"twitter:card\" content=\"summary_large_image\" \/>\n<meta name=\"twitter:label1\" content=\"Written by\" \/>\n\t<meta name=\"twitter:data1\" content=\"Facino\" \/>\n\t<meta name=\"twitter:label2\" content=\"Est. reading time\" \/>\n\t<meta name=\"twitter:data2\" content=\"1 minute\" \/>\n<script type=\"application\/ld+json\" class=\"yoast-schema-graph\">{\"@context\":\"https:\/\/schema.org\",\"@graph\":[{\"@type\":\"Article\",\"@id\":\"https:\/\/contacttodesign.de\/la-art-gallery-1-29-februar\/#article\",\"isPartOf\":{\"@id\":\"https:\/\/contacttodesign.de\/la-art-gallery-1-29-februar\/\"},\"author\":{\"name\":\"Facino\",\"@id\":\"https:\/\/contacttodesign.de\/#\/schema\/person\/2f647c9473c3a352097a41759aaca827\"},\"headline\":\"LA ART GALLERY 1. &#8211; 29. FEBRUAR\",\"datePublished\":\"2024-03-26T10:41:25+00:00\",\"dateModified\":\"2025-11-07T14:57:09+00:00\",\"mainEntityOfPage\":{\"@id\":\"https:\/\/contacttodesign.de\/la-art-gallery-1-29-februar\/\"},\"wordCount\":166,\"publisher\":{\"@id\":\"https:\/\/contacttodesign.de\/#organization\"},\"articleSection\":[\"ARCHIV\"],\"inLanguage\":\"en-US\"},{\"@type\":\"WebPage\",\"@id\":\"https:\/\/contacttodesign.de\/la-art-gallery-1-29-februar\/\",\"url\":\"https:\/\/contacttodesign.de\/la-art-gallery-1-29-februar\/\",\"name\":\"LA ART GALLERY 1. - 29. FEBRUAR - Contact to design\",\"isPartOf\":{\"@id\":\"https:\/\/contacttodesign.de\/#website\"},\"datePublished\":\"2024-03-26T10:41:25+00:00\",\"dateModified\":\"2025-11-07T14:57:09+00:00\",\"breadcrumb\":{\"@id\":\"https:\/\/contacttodesign.de\/la-art-gallery-1-29-februar\/#breadcrumb\"},\"inLanguage\":\"en-US\",\"potentialAction\":[{\"@type\":\"ReadAction\",\"target\":[\"https:\/\/contacttodesign.de\/la-art-gallery-1-29-februar\/\"]}]},{\"@type\":\"BreadcrumbList\",\"@id\":\"https:\/\/contacttodesign.de\/la-art-gallery-1-29-februar\/#breadcrumb\",\"itemListElement\":[{\"@type\":\"ListItem\",\"position\":1,\"name\":\"Startseite\",\"item\":\"https:\/\/contacttodesign.de\/\"},{\"@type\":\"ListItem\",\"position\":2,\"name\":\"LA ART GALLERY 1. &#8211; 29. FEBRUAR\"}]},{\"@type\":\"WebSite\",\"@id\":\"https:\/\/contacttodesign.de\/#website\",\"url\":\"https:\/\/contacttodesign.de\/\",\"name\":\"Contact to design\",\"description\":\"\",\"publisher\":{\"@id\":\"https:\/\/contacttodesign.de\/#organization\"},\"potentialAction\":[{\"@type\":\"SearchAction\",\"target\":{\"@type\":\"EntryPoint\",\"urlTemplate\":\"https:\/\/contacttodesign.de\/?s={search_term_string}\"},\"query-input\":\"required name=search_term_string\"}],\"inLanguage\":\"en-US\"},{\"@type\":\"Organization\",\"@id\":\"https:\/\/contacttodesign.de\/#organization\",\"name\":\"Contact to design\",\"url\":\"https:\/\/contacttodesign.de\/\",\"sameAs\":[],\"logo\":{\"@type\":\"ImageObject\",\"inLanguage\":\"en-US\",\"@id\":\"https:\/\/contacttodesign.de\/#\/schema\/logo\/image\/\",\"url\":\"https:\/\/contacttodesign.de\/wp-content\/uploads\/2025\/04\/cropped-logoweber.jpg\",\"contentUrl\":\"https:\/\/contacttodesign.de\/wp-content\/uploads\/2025\/04\/cropped-logoweber.jpg\",\"width\":512,\"height\":277,\"caption\":\"Contact to design\"},\"image\":{\"@id\":\"https:\/\/contacttodesign.de\/#\/schema\/logo\/image\/\"}},{\"@type\":\"Person\",\"@id\":\"https:\/\/contacttodesign.de\/#\/schema\/person\/2f647c9473c3a352097a41759aaca827\",\"name\":\"Facino\",\"image\":{\"@type\":\"ImageObject\",\"inLanguage\":\"en-US\",\"@id\":\"https:\/\/contacttodesign.de\/#\/schema\/person\/image\/\",\"url\":\"https:\/\/secure.gravatar.com\/avatar\/ada3bb0c91f870d767ddcaa2ab6d7d0deedd9be6d38701be2b4458e8c9089181?s=96&d=mm&r=g\",\"contentUrl\":\"https:\/\/secure.gravatar.com\/avatar\/ada3bb0c91f870d767ddcaa2ab6d7d0deedd9be6d38701be2b4458e8c9089181?s=96&d=mm&r=g\",\"caption\":\"Facino\"},\"sameAs\":[\"http:\/\/startseite.contacttodesign.de\"],\"url\":\"https:\/\/contacttodesign.de\/en\/author\/facino\/\"}]}<\/script>\n<!-- \/ Yoast SEO plugin. -->","yoast_head_json":{"title":"LA ART GALLERY 1. - 29. FEBRUAR - Contact to design","robots":{"index":"index","follow":"follow","max-snippet":"max-snippet:-1","max-image-preview":"max-image-preview:large","max-video-preview":"max-video-preview:-1"},"canonical":"https:\/\/contacttodesign.de\/en\/la-art-gallery-1-29-februar\/","og_locale":"en_US","og_type":"article","og_title":"LA ART GALLERY 1. - 29. FEBRUAR - Contact to design","og_description":"OPENING THURSDAY 1st FEBRUARY 2024 &#8220;Durch ihr Lebensmotto \u201eDon\u2019t be afraid ot art\u201c\u00a0weist M\u00f6belschreinermeisterin, Designerin und Konzept-K\u00fcnstlerin Nicole Doth darauf &hellip; LA ART GALLERY 1. &#8211; 29. FEBRUAR mehr Informationen \u00bb","og_url":"https:\/\/contacttodesign.de\/en\/la-art-gallery-1-29-februar\/","og_site_name":"Contact to design","article_published_time":"2024-03-26T10:41:25+00:00","article_modified_time":"2025-11-07T14:57:09+00:00","og_image":[{"width":1024,"height":1024,"url":"https:\/\/contacttodesign.de\/wp-content\/uploads\/2024\/03\/1.jpg","type":"image\/jpeg"}],"author":"Facino","twitter_card":"summary_large_image","twitter_misc":{"Written by":"Facino","Est. reading time":"1 minute"},"schema":{"@context":"https:\/\/schema.org","@graph":[{"@type":"Article","@id":"https:\/\/contacttodesign.de\/la-art-gallery-1-29-februar\/#article","isPartOf":{"@id":"https:\/\/contacttodesign.de\/la-art-gallery-1-29-februar\/"},"author":{"name":"Facino","@id":"https:\/\/contacttodesign.de\/#\/schema\/person\/2f647c9473c3a352097a41759aaca827"},"headline":"LA ART GALLERY 1. &#8211; 29. FEBRUAR","datePublished":"2024-03-26T10:41:25+00:00","dateModified":"2025-11-07T14:57:09+00:00","mainEntityOfPage":{"@id":"https:\/\/contacttodesign.de\/la-art-gallery-1-29-februar\/"},"wordCount":166,"publisher":{"@id":"https:\/\/contacttodesign.de\/#organization"},"articleSection":["ARCHIV"],"inLanguage":"en-US"},{"@type":"WebPage","@id":"https:\/\/contacttodesign.de\/la-art-gallery-1-29-februar\/","url":"https:\/\/contacttodesign.de\/la-art-gallery-1-29-februar\/","name":"LA ART GALLERY 1. - 29. FEBRUAR - Contact to design","isPartOf":{"@id":"https:\/\/contacttodesign.de\/#website"},"datePublished":"2024-03-26T10:41:25+00:00","dateModified":"2025-11-07T14:57:09+00:00","breadcrumb":{"@id":"https:\/\/contacttodesign.de\/la-art-gallery-1-29-februar\/#breadcrumb"},"inLanguage":"en-US","potentialAction":[{"@type":"ReadAction","target":["https:\/\/contacttodesign.de\/la-art-gallery-1-29-februar\/"]}]},{"@type":"BreadcrumbList","@id":"https:\/\/contacttodesign.de\/la-art-gallery-1-29-februar\/#breadcrumb","itemListElement":[{"@type":"ListItem","position":1,"name":"Startseite","item":"https:\/\/contacttodesign.de\/"},{"@type":"ListItem","position":2,"name":"LA ART GALLERY 1. &#8211; 29. FEBRUAR"}]},{"@type":"WebSite","@id":"https:\/\/contacttodesign.de\/#website","url":"https:\/\/contacttodesign.de\/","name":"Contact to design","description":"","publisher":{"@id":"https:\/\/contacttodesign.de\/#organization"},"potentialAction":[{"@type":"SearchAction","target":{"@type":"EntryPoint","urlTemplate":"https:\/\/contacttodesign.de\/?s={search_term_string}"},"query-input":"required name=search_term_string"}],"inLanguage":"en-US"},{"@type":"Organization","@id":"https:\/\/contacttodesign.de\/#organization","name":"Contact to design","url":"https:\/\/contacttodesign.de\/","sameAs":[],"logo":{"@type":"ImageObject","inLanguage":"en-US","@id":"https:\/\/contacttodesign.de\/#\/schema\/logo\/image\/","url":"https:\/\/contacttodesign.de\/wp-content\/uploads\/2025\/04\/cropped-logoweber.jpg","contentUrl":"https:\/\/contacttodesign.de\/wp-content\/uploads\/2025\/04\/cropped-logoweber.jpg","width":512,"height":277,"caption":"Contact to design"},"image":{"@id":"https:\/\/contacttodesign.de\/#\/schema\/logo\/image\/"}},{"@type":"Person","@id":"https:\/\/contacttodesign.de\/#\/schema\/person\/2f647c9473c3a352097a41759aaca827","name":"Facino","image":{"@type":"ImageObject","inLanguage":"en-US","@id":"https:\/\/contacttodesign.de\/#\/schema\/person\/image\/","url":"https:\/\/secure.gravatar.com\/avatar\/ada3bb0c91f870d767ddcaa2ab6d7d0deedd9be6d38701be2b4458e8c9089181?s=96&d=mm&r=g","contentUrl":"https:\/\/secure.gravatar.com\/avatar\/ada3bb0c91f870d767ddcaa2ab6d7d0deedd9be6d38701be2b4458e8c9089181?s=96&d=mm&r=g","caption":"Facino"},"sameAs":["http:\/\/startseite.contacttodesign.de"],"url":"https:\/\/contacttodesign.de\/en\/author\/facino\/"}]}},"_links":{"self":[{"href":"https:\/\/contacttodesign.de\/en\/wp-json\/wp\/v2\/posts\/5885","targetHints":{"allow":["GET"]}}],"collection":[{"href":"https:\/\/contacttodesign.de\/en\/wp-json\/wp\/v2\/posts"}],"about":[{"href":"https:\/\/contacttodesign.de\/en\/wp-json\/wp\/v2\/types\/post"}],"author":[{"embeddable":true,"href":"https:\/\/contacttodesign.de\/en\/wp-json\/wp\/v2\/users\/1"}],"replies":[{"embeddable":true,"href":"https:\/\/contacttodesign.de\/en\/wp-json\/wp\/v2\/comments?post=5885"}],"version-history":[{"count":7,"href":"https:\/\/contacttodesign.de\/en\/wp-json\/wp\/v2\/posts\/5885\/revisions"}],"predecessor-version":[{"id":5987,"href":"https:\/\/contacttodesign.de\/en\/wp-json\/wp\/v2\/posts\/5885\/revisions\/5987"}],"wp:featuredmedia":[{"embeddable":true,"href":"https:\/\/contacttodesign.de\/en\/wp-json\/wp\/v2\/media\/5896"}],"wp:attachment":[{"href":"https:\/\/contacttodesign.de\/en\/wp-json\/wp\/v2\/media?parent=5885"}],"wp:term":[{"taxonomy":"category","embeddable":true,"href":"https:\/\/contacttodesign.de\/en\/wp-json\/wp\/v2\/categories?post=5885"},{"taxonomy":"post_tag","embeddable":true,"href":"https:\/\/contacttodesign.de\/en\/wp-json\/wp\/v2\/tags?post=5885"}],"curies":[{"name":"wp","href":"https:\/\/api.w.org\/{rel}","templated":true}]}}